[{"@context":"https:\/\/schema.org\/","@type":"Article","@id":"https:\/\/www.stambre.sk\/ako-spravne-farebne-zladit-obyvaciu-izbu\/#Article","mainEntityOfPage":"https:\/\/www.stambre.sk\/ako-spravne-farebne-zladit-obyvaciu-izbu\/","headline":"Ako spr\u00e1vne farebne zladi\u0165 ob\u00fdvaciu izbu","name":"Ako spr\u00e1vne farebne zladi\u0165 ob\u00fdvaciu izbu","description":"V ob\u00fdva\u010dke \u013eudia \u010dasto kr\u00e1t tr\u00e1via svoj vo\u013en\u00fd \u010das s rodinou, priate\u013emi, oddychuj\u00fa \u010di iba tak pozeraj\u00fa telev\u00edziu. Preto je ve\u013emi d\u00f4le\u017eit\u00e9, aby t\u00e1to...","datePublished":"2017-05-21","dateModified":"2023-05-12","author":{"@type":"Person","@id":"https:\/\/www.stambre.sk\/author\/#Person","name":"","url":"https:\/\/www.stambre.sk\/author\/","identifier":1,"image":{"@type":"ImageObject","@id":"https:\/\/secure.gravatar.com\/avatar\/a4f7f6499f3b2a0764d0773f1f5d74780987cfbea7e736c0e74f6185bb257971?s=96&d=mm&r=g","url":"https:\/\/secure.gravatar.com\/avatar\/a4f7f6499f3b2a0764d0773f1f5d74780987cfbea7e736c0e74f6185bb257971?s=96&d=mm&r=g","height":96,"width":96}},"publisher":{"@type":"Organization","name":"stambre.sk","logo":{"@type":"ImageObject","@id":"\/logo.png","url":"\/logo.png","width":600,"height":60}},"image":{"@type":"ImageObject","@id":"https:\/\/www.stambre.sk\/wp-content\/uploads\/img_a281407_w2009_t1500643570.jpg","url":"https:\/\/www.stambre.sk\/wp-content\/uploads\/img_a281407_w2009_t1500643570.jpg","height":0,"width":0},"url":"https:\/\/www.stambre.sk\/ako-spravne-farebne-zladit-obyvaciu-izbu\/","wordCount":421,"articleBody":"V ob\u00fdva\u010dke \u013eudia \u010dasto kr\u00e1t tr\u00e1via svoj vo\u013en\u00fd \u010das s rodinou, priate\u013emi, oddychuj\u00fa \u010di iba tak pozeraj\u00fa telev\u00edziu. Preto je ve\u013emi d\u00f4le\u017eit\u00e9, aby t\u00e1to miestnos\u0165 vy\u017earovala pokoj a pr\u00edjemn\u00fa atmosf\u00e9ru. Hlavn\u00fd v\u0161ak nie je n\u00e1bytok, ale farby, ktor\u00e9 s\u00fa neodmyslite\u013enou s\u00fa\u010das\u0165ou n\u00e1\u0161ho domova.Pred v\u00fdberom ide\u00e1lnej farby zv\u00e1\u017ete zop\u00e1r faktov \u00b7 Svetl\u00e1 ob\u00fdvacia miestnos\u0165 Pri svetl\u00fdch ob\u00fdvac\u00edch izb\u00e1ch, kam prenik\u00e1 dostatok slne\u010dn\u00fdch l\u00fa\u010dov nema\u013eujte svetl\u00fdmi farbami, ako napr\u00edklad oran\u017eovou alebo \u017eltou. Ide\u00e1lnymi farbami pre svetl\u00e9 izby s\u00fa hned\u00e1, siv\u00e1, svetlosiv\u00e1, svetlozelen\u00e1 alebo svetlomodr\u00e1. \u00b7 Tmav\u00e1 ob\u00fdvacia miestnos\u0165 V tak\u00fdchto ob\u00fdvac\u00edch miestnostiach m\u00f4\u017eete siahnu\u0165 po svetl\u00fdch farb\u00e1ch v p\u00fatav\u00fdch odtie\u0148och, ako napr\u00edklad \u017elt\u00e1, oran\u017eov\u00e1, bordov\u00e1, \u0161koricov\u00e1, \u010di dokonca bakla\u017e\u00e1nov\u00e1. Tieto farby mo\u017eno miestnos\u0165 opticky zmen\u0161ia, ale o to viac ju z\u00fatulnia. \u00b7 Mal\u00e1 ob\u00fdvacia miestnos\u0165 Ak je izba mal\u00e1, jednoducho ju presvetlite pr\u00edjemn\u00fdmi a tepl\u00fdmi farebn\u00fdmi t\u00f3nmi, ktor\u00e9 bud\u00fa vy\u017earova\u0165 pocit tepla, ale miestnos\u0165 nebud\u00fa zmen\u0161ova\u0165. \u010co sa t\u00fdka n\u00e1bytku, plat\u00ed tu pravidlo, \u017ee niekedy je menej viac. Preto sa nesna\u017ete do nej vopcha\u0165 \u010do najviac n\u00e1bytku. \u00b7 Ve\u013ek\u00e1 ob\u00fdvacia miestnos\u0165 Ke\u010f m\u00e1te ve\u013ek\u00fa miestnos\u0165 d\u00e1 sa samozrejme kr\u00e1sne vyhra\u0165 s farbami stien, ale aj s n\u00e1bytkom. No aj tu to netreba zbyto\u010dne preh\u00e1\u0148a\u0165. Ak budete zbyto\u010dne kombinova\u0165 s\u00fdte a ve\u013emi v\u00fdrazn\u00e9 farby, miestnos\u0165 m\u00f4\u017ee p\u00f4sobi\u0165 a\u017e depres\u00edvne. To ist\u00e9 plat\u00ed aj pri n\u00e1bytku, ten m\u00f4\u017eete zvoli\u0165 mas\u00edvnej\u0161\u00ed a v\u00e4\u010d\u0161\u00ed, ale netreba to ve\u013emi preh\u00e1\u0148a\u0165.Doplnky v ob\u00fdvacej miestnosti Neodmyslite\u013enou s\u00fa\u010das\u0165ou ka\u017edej izby, nielen ob\u00fdva\u010dky s\u00fa samozrejme r\u00f4zne doplnky. V m\u00f3de s\u00fa moment\u00e1lne r\u00f4zne farebn\u00e9 prevedenia stien, ktor\u00e9 sa \u010dasto vyskytuj\u00fa v minimalistickom interi\u00e9ri. \u010eal\u0161\u00edmi ve\u013emi ob\u013e\u00faben\u00fdmi farbami s\u00fa siv\u00e1 bledo b\u00e9\u017eov\u00e1, ktor\u00e9 sa objavuj\u00fa aj na n\u00e1bytku aj sten\u00e1ch. Sedacie s\u00fapravy v svetl\u00fdch odtie\u0148och, ktor\u00e9 s\u00fa v kombin\u00e1cii s \u010diernou, bielou a sivou sa v na\u0161ich ob\u00fdva\u010dk\u00e1ch objavuj\u00fa ve\u013emi \u010dasto. Teraz je v\u0161ak u\u017e v\u0161etko na v\u00e1s, ak\u00e9 farby \u010di kombin\u00e1cie sa v\u00e1m p\u00e1\u010dia.                                                                                                                                                                                                                                                                                                                                                                                         4.4\/5 - (8 votes)        "},{"@context":"https:\/\/schema.org\/","@type":"BreadcrumbList","itemListElement":[{"@type":"ListItem","position":1,"name":"Ako spr\u00e1vne farebne zladi\u0165 ob\u00fdvaciu izbu","item":"https:\/\/www.stambre.sk\/ako-spravne-farebne-zladit-obyvaciu-izbu\/#breadcrumbitem"}]}]